{"id":2228,"date":"2023-12-02T12:56:14","date_gmt":"2023-12-02T11:56:14","guid":{"rendered":"https:\/\/wolfhirschhorn.com\/sitioweb\/?p=2228"},"modified":"2024-01-12T13:04:18","modified_gmt":"2024-01-12T12:04:18","slug":"6o-premios-espejo-2023","status":"publish","type":"post","link":"https:\/\/wolfhirschhorn.com\/sitioweb\/6o-premios-espejo-2023\/","title":{"rendered":"6\u00ba Premios Espejo 2023"},"content":{"rendered":"<p>El 2 de diciembre participamos en los #PremiosEspejo 2023, un evento anual impulsado desde la Junta Municipal de Vic\u00e1lvaro- Participa Vic\u00e1lvaro para promover el Encuentro de Entidades no Lucrativas (ENL) de todo Madrid- Un reconocimiento a su labor visibilizando su contribuci\u00f3n a la mejora social.<\/p>\n<p>Este a\u00f1o con el lema \u00abREFLEJADAS POR EL MISMO ESPEJO\u00bb, optamos a dos categor\u00edas:<\/p>\n<p>Categor\u00eda<strong>:<\/strong><strong> \u00a0Contribuci\u00f3n a la Calidad de Vida:<\/strong>\u00a0se pretende hacer un reconocimiento a las organizaciones que han desarrollado programas y proyectos que promuevan actividades que mejoren la calidad de vida de las personas en cuestiones de salud, bienestar o desarrollo. La AESWH present\u00f3 su proyecto de jornadas familiares anuales.<\/p>\n<p>Categor\u00eda:<strong> Inclusi\u00f3n y Accesibilidad Universal:<\/strong>\u00a0con el objeto de reconocer a las asociaciones que han desarrollado programas y proyectos que promuevan pr\u00e1cticas inclusivas, para la que dimos visibilidad al Calendario \u201cUn A\u00f1o para la Inclusi\u00f3n. 2024\u201d<\/p>\n<p>Fue un evento asociativo como siempre perfecto, por la preparaci\u00f3n, los detalles y el buen hacer del equipo de Participa Vic\u00e1lvaro. Compartimos la rese\u00f1a que desde el \u00c1rea de Participaci\u00f3n Ciudadana de Vic\u00e1lvaro han elaborado tras su celebraci\u00f3n. \u00a1Gracias Participa Vic\u00e1lvaro por estar al servicio del movimiento asociativo!<\/p>\n<p><em>Encuentro de entidades PREMIOS ESPEJO 2023<\/em><\/p>\n<p><em>El pasado 2 de diciembre, desde el servicio de la JMD de Vic\u00e1lvaro Participa Vic\u00e1lvaro, celebramos la 6\u00aa edici\u00f3n de los Premios Espejo bajo el lema de \u201creflejadas por el mismo espejo\u201d.<\/em><br \/>\n<em>El objetivo de este encuentro es reconocer al tejido asociativo de Madrid. \u00a1Y vaya si lo logramos! <\/em><\/p>\n<p><em>Durante la jornada participamos en diversas din\u00e1micas donde compartimos experiencias y reflexiones sobre el impacto de nuestras asociaciones en \u00e1reas vitales personales como la salud, el trabajo, el ocio\u2026<\/em><\/p>\n<p><em>Las asociaciones que presentaron candidatura explicaron su proyecto a todas las asistentes. Posteriormente, se votaron entre ellas y eligieron como ganadoras a:<\/em><br \/>\n<em>* Inclusi\u00f3n y accesibilidad: Asociaci\u00f3n Creando Inclusi\u00f3n (<a href=\"https:\/\/www.instagram.com\/asociacioncreandoinclusion\/\">@asociacioncreandoinclusion<\/a>)<\/em><br \/>\n<em>* Contribuci\u00f3n a la calidad de vida: Asociaci\u00f3n In G\u00e9nero (<a href=\"https:\/\/www.instagram.com\/in.genero\/\">@in.genero<\/a>)<\/em><br \/>\n<em>* Solidaridad y colaboraci\u00f3n: AMPAS de los IES de Vic\u00e1lvaro &#8211; Joaqu\u00edn Rodrigo, Villablanca y Valdebernardo (<a href=\"https:\/\/www.instagram.com\/ampajoaquinrodrigo\/\">@ampajoaquinrodrigo<\/a> <a href=\"https:\/\/www.instagram.com\/ampa.ies.valdebernardo\/\">@ampa.ies.valdebernardo<\/a> <a href=\"https:\/\/www.instagram.com\/ampaiesvillablanca\/\">@ampaiesvillablanca<\/a>)<\/em><\/p>\n<p><em>La entrega de las placas simb\u00f3licas a las asociaciones no solo represent\u00f3 un premio, sino tambi\u00e9n un tributo a la labor excepcional al tejido asociativo de Madrid. Logramos visibilizar la dedicaci\u00f3n y el impacto positivo que estas asociaciones generan en la comunidad.<\/em><\/p>\n<p><em>La diversidad de proyectos y la participaci\u00f3n de asociaciones de distintos distritos crearon una jornada enriquecedora que nos permiti\u00f3 aprender, conectar y colaborar para una sociedad mejor. Mil gracias a todas las asociaciones participantes, a los asistentes y a todas las personas involucradas en hacer de los Premios Espejo un encuentro inolvidable.\u00bb<\/em><\/p>\n","protected":false},"excerpt":{"rendered":"<p>Un encuentro anual del movimiento asociativo de Madrid<\/p>\n","protected":false},"author":3,"featured_media":2229,"comment_status":"closed","ping_status":"closed","sticky":false,"template":"","format":"standard","meta":{"_et_pb_use_builder":"","_et_pb_old_content":"","_et_gb_content_width":"","footnotes":""},"categories":[53,3,72],"tags":[],"class_list":["post-2228","post","type-post","status-publish","format-standard","has-post-thumbnail","hentry","category-eventos","category-noticias","category-visibilidad"],"_links":{"self":[{"href":"https:\/\/wolfhirschhorn.com\/sitioweb\/wp-json\/wp\/v2\/posts\/2228","targetHints":{"allow":["GET"]}}],"collection":[{"href":"https:\/\/wolfhirschhorn.com\/sitioweb\/wp-json\/wp\/v2\/posts"}],"about":[{"href":"https:\/\/wolfhirschhorn.com\/sitioweb\/wp-json\/wp\/v2\/types\/post"}],"author":[{"embeddable":true,"href":"https:\/\/wolfhirschhorn.com\/sitioweb\/wp-json\/wp\/v2\/users\/3"}],"replies":[{"embeddable":true,"href":"https:\/\/wolfhirschhorn.com\/sitioweb\/wp-json\/wp\/v2\/comments?post=2228"}],"version-history":[{"count":0,"href":"https:\/\/wolfhirschhorn.com\/sitioweb\/wp-json\/wp\/v2\/posts\/2228\/revisions"}],"wp:featuredmedia":[{"embeddable":true,"href":"https:\/\/wolfhirschhorn.com\/sitioweb\/wp-json\/wp\/v2\/media\/2229"}],"wp:attachment":[{"href":"https:\/\/wolfhirschhorn.com\/sitioweb\/wp-json\/wp\/v2\/media?parent=2228"}],"wp:term":[{"taxonomy":"category","embeddable":true,"href":"https:\/\/wolfhirschhorn.com\/sitioweb\/wp-json\/wp\/v2\/categories?post=2228"},{"taxonomy":"post_tag","embeddable":true,"href":"https:\/\/wolfhirschhorn.com\/sitioweb\/wp-json\/wp\/v2\/tags?post=2228"}],"curies":[{"name":"wp","href":"https:\/\/api.w.org\/{rel}","templated":true}]}}